{"id":4592,"date":"2020-10-26T09:57:14","date_gmt":"2020-10-26T09:57:14","guid":{"rendered":"https:\/\/www.ninetech.com\/?p=4592"},"modified":"2023-11-30T15:48:36","modified_gmt":"2023-11-30T15:48:36","slug":"region-varmland-kollektivtrafik-utvecklar-e-tjansteportal-med-hjalp-av-ninetech","status":"publish","type":"post","link":"https:\/\/www.ninetech.com\/no\/nyheter\/region-varmland-kollektivtrafik-utvecklar-e-tjansteportal-med-hjalp-av-ninetech\/","title":{"rendered":"Region V\u00e4rmland Kollektivtrafik utvecklar e-tj\u00e4nsteportal med hj\u00e4lp av Ninetech"},"content":{"rendered":"<\/div><section class=\"page_section page_section--group align-wrap align-wrap-full\">\n<div class=\"wp-block-group alignfull\"><div class=\"wp-block-group__inner-container is-layout-flow wp-block-group-is-layout-flow\">\n<div class=\"wp-block-group alignwide\"><div class=\"wp-block-group__inner-container is-layout-flow wp-block-group-is-layout-flow\"><\/div><section class=\"page_section page_section--breadcrumbs align-wrap align-wrap-full\"><nav aria-label=\"Breadcrumb\" class=\"breadcrumbs\"><ul><li class=\"is-here\"><\/li><li class=\"is-home\"><a href=\"https:\/\/www.ninetech.com\/no\"><span class=\"show-for-sr\">Hjemmeside<\/span>Hjem<\/a> <span class=\"delimiter\">\/<\/span> <\/li><\/ul><\/nav><\/section><div class=\"wrapper\"><\/div><\/div>\n<\/div><\/div>\n<\/section><div class=\"wrapper\">\n\n<\/div><section class=\"page_section page_section--group align-wrap align-wrap-full\">\n<div class=\"wp-block-group alignfull\"><div class=\"wp-block-group__inner-container is-layout-flow wp-block-group-is-layout-flow\">\n<div class=\"wp-block-group narrow\"><div class=\"wp-block-group__inner-container is-layout-flow wp-block-group-is-layout-flow\">\n<div class=\"dbyh-space set-invisible\" style=\"height: 60px; --tablet-height: 60px; --mobile-height: 30px;\">\n    <\/div>\n\n\n<h1>Region V\u00e4rmland Kollektivtrafik utvecklar e-tj\u00e4nsteportal med hj\u00e4lp av Ninetech<\/h1>\n\n\n\n<div class=\"dbyh-space set-invisible\" style=\"height: 20px; --tablet-height: 20px; --mobile-height: 15px;\">\n    <\/div>\n\n\n<figure class=\"wp-block-image size-large is-style-default\"><img loading=\"lazy\" decoding=\"async\" width=\"1024\" height=\"387\" src=\"https:\/\/ninetech.com\/no\/wp-content\/uploads\/sites\/3\/2020\/10\/etjansteportal-varmlandstrafik-ninetech-1024x387.jpg\" alt=\"\" class=\"wp-image-4595\" srcset=\"https:\/\/www.ninetech.com\/no\/wp-content\/uploads\/sites\/3\/2020\/10\/etjansteportal-varmlandstrafik-ninetech-1024x387.jpg 1024w, https:\/\/www.ninetech.com\/no\/wp-content\/uploads\/sites\/3\/2020\/10\/etjansteportal-varmlandstrafik-ninetech-800x302.jpg 800w, https:\/\/www.ninetech.com\/no\/wp-content\/uploads\/sites\/3\/2020\/10\/etjansteportal-varmlandstrafik-ninetech-768x290.jpg 768w, https:\/\/www.ninetech.com\/no\/wp-content\/uploads\/sites\/3\/2020\/10\/etjansteportal-varmlandstrafik-ninetech-1536x581.jpg 1536w, https:\/\/www.ninetech.com\/no\/wp-content\/uploads\/sites\/3\/2020\/10\/etjansteportal-varmlandstrafik-ninetech-2048x774.jpg 2048w\" sizes=\"auto, (max-width: 1024px) 100vw, 1024px\" \/><\/figure>\n\n\n\n<span class=\"publication-date\">Publicerad 26 oktober 2020<\/span>\n\n\n<div class=\"dbyh-space set-invisible\" style=\"height: 20px; --tablet-height: 20px; --mobile-height: 20px;\">\n    <\/div><\/div><\/div>\n<\/div><\/div>\n<\/section><div class=\"wrapper\">\n\n\n<div class=\"wp-block-group extra-narrow\"><div class=\"wp-block-group__inner-container is-layout-flow wp-block-group-is-layout-flow\">\n<p><strong>Ninetech har f\u00e5tt uppdraget att tillsammans med Kollektivtrafiken i Region V\u00e4rmland utveckla en e-tj\u00e4nsteportal f\u00f6r alla v\u00e4rml\u00e4nningar som nyttjar kollektivtrafiken. Huvudm\u00e5len med portalen \u00e4r att kunna ge samlad information om kollektivtrafikens resetj\u00e4nster, ge tillg\u00e5ng till personifierade tj\u00e4nster samt satt s\u00e4kerst\u00e4lla en trygg och s\u00e4ker hantering av personlig information.<\/strong><\/p>\n<blockquote>\n<p>Vi \u00e4r j\u00e4tteglada att f\u00e5 vara med i utvecklingen av kollektivtrafikens plattform f\u00f6r e-tj\u00e4nster. Vi \u00e4r ett v\u00e4rml\u00e4ndskt bolag som brinner f\u00f6r att utveckla v\u00e5r region. Detta k\u00e4nns som ett v\u00e4ldigt angel\u00e4get projekt som kommer underl\u00e4tta f\u00f6r m\u00e5nga v\u00e4rml\u00e4nningar, s\u00e4ger Fredrik R\u00f6stlund, f\u00f6rs\u00e4ljningschef p\u00e5 Ninetech.<\/p>\n<\/blockquote>\n<p>Region V\u00e4rmland Kollektivtrafik organiserar regiontrafik med buss och t\u00e5g, t\u00e4tortstrafik i Karlstad, Arvika, Kristinehamn och S\u00e4ffle, skoltrafik, anropsstyrd trafik, f\u00e4rdtj\u00e4nst och sjukresor i V\u00e4rmland samt b\u00e5tbusstrafik under sommaren. Trafiken utf\u00f6rs under varum\u00e4rkena V\u00e4rmlandstrafik och Karlstadsbuss. Den e-tj\u00e4nsteplattform som nu utvecklas med fokus p\u00e5 kollektivtrafikens kunder kan ocks\u00e5 i framtiden komma att breddas f\u00f6r att m\u00f6ta andra delar av regionens verksamheter och \u00e5taganden.<\/p>\n<h2><strong><br \/>Framtidss\u00e4kert och skalbart<\/strong><\/h2>\n<blockquote>\n<p>Vi har ett framtids- och skalbarhetst\u00e4nk i allt vi \u00e4r med och utvecklar. Det \u00e4r samma sak h\u00e4r. Om fler delar av regionen vill kunna anv\u00e4nda detta s\u00e5 finns det alla m\u00f6jligheter att skala upp denna l\u00f6sning, s\u00e4ger Peter Eriksson, l\u00f6sningsarkitekt p\u00e5 Ninetech.<\/p>\n<\/blockquote>\n<p>Fr\u00e5n kollektivtrafikens sida ser man positivt p\u00e5 samarbetet med Ninetech och p\u00e5 den projektplan som inneb\u00e4r ett h\u00f6gt tempo fram till den planerade lanseringen under andra kvartalet 2021.<\/p>\n<blockquote>\n<p>Det \u00e4r mycket positivt f\u00f6r kollektivtrafikens kunder att vi genom detta samarbete kan f\u00f6rb\u00e4ttra och utveckla v\u00e5ra digitala tj\u00e4nster i \u00e4nnu st\u00f6rre utstr\u00e4ckning, s\u00e4ger Lena Thorin, utvecklingschef och tf trafikdirekt\u00f6r p\u00e5 Region V\u00e4rmland Kollektivtrafik<\/p>\n<\/blockquote>\n<ul>\n<li>Portalen byggs kring Microsoft Azure och Dynamics 365 d\u00e4r apparna <em>Sales<\/em> och <em>Customer Service<\/em> \u00e4r viktiga h\u00f6rnstenar.<\/li>\n<li>L\u00e4s\u00a0g\u00e4rna mer om v\u00e5r <a href=\"https:\/\/ninetech.com\/no\/kundcase\/microsoft-azure\">plattformsexpertis inom Azure<\/a><\/li>\n<li>L\u00e4s g\u00e4rna mer om v\u00e5r <a href=\"https:\/\/ninetech.com\/no\/kundcase\/microsoft-dynamics-365-crm\">plattformsexpertis inom Microsoft Dynamics 365<\/a><\/li>\n<\/ul>\n<\/div><\/div>\n\n\n\n<div class=\"dbyh-space set-invisible\" style=\"height: 120px; --tablet-height: 60px; --mobile-height: 30px;\">\n    <\/div>","protected":false},"excerpt":{"rendered":"<p>Region V\u00e4rmland Kollektivtrafik utvecklar e-tj\u00e4nsteportal med hj\u00e4lp av Ninetech Ninetech har f\u00e5tt uppdraget att tillsammans med Kollektivtrafiken i Region V\u00e4rmland utveckla en e-tj\u00e4nsteportal f\u00f6r alla v\u00e4rml\u00e4nningar som nyttjar kollektivtrafiken. Huvudm\u00e5len med portalen \u00e4r att kunna ge samlad information om kollektivtrafikens resetj\u00e4nster, ge tillg\u00e5ng till personifierade tj\u00e4nster samt satt s\u00e4kerst\u00e4lla en trygg och s\u00e4ker hantering av [&hellip;]<\/p>\n","protected":false},"author":13,"featured_media":4595,"comment_status":"closed","ping_status":"closed","sticky":false,"template":"","format":"standard","meta":{"_acf_changed":false,"content-type":"","footnotes":""},"categories":[11],"tags":[],"class_list":["post-4592","post","type-post","status-publish","format-standard","has-post-thumbnail","hentry","category-nyheter"],"acf":[],"yoast_head":"<!-- This site is optimized with the Yoast SEO plugin v28.3 - https:\/\/yoast.com\/product\/yoast-seo-wordpress\/ -->\n<title>Region V\u00e4rmland Kollektivtrafik utvecklar e-tj\u00e4nsteportal<\/title>\n<meta name=\"robots\" content=\"index, follow, max-snippet:-1, max-image-preview:large, max-video-preview:-1\" \/>\n<link rel=\"canonical\" href=\"https:\/\/www.ninetech.com\/no\/nyheter\/region-varmland-kollektivtrafik-utvecklar-e-tjansteportal-med-hjalp-av-ninetech\/\" \/>\n<meta property=\"og:locale\" content=\"nb_NO\" \/>\n<meta property=\"og:type\" content=\"article\" \/>\n<meta property=\"og:title\" content=\"Region V\u00e4rmland Kollektivtrafik utvecklar e-tj\u00e4nsteportal\" \/>\n<meta property=\"og:description\" content=\"Region V\u00e4rmland Kollektivtrafik utvecklar e-tj\u00e4nsteportal med hj\u00e4lp av Ninetech Ninetech har f\u00e5tt uppdraget att tillsammans med Kollektivtrafiken i Region V\u00e4rmland utveckla en e-tj\u00e4nsteportal f\u00f6r alla v\u00e4rml\u00e4nningar som nyttjar kollektivtrafiken. Huvudm\u00e5len med portalen \u00e4r att kunna ge samlad information om kollektivtrafikens resetj\u00e4nster, ge tillg\u00e5ng till personifierade tj\u00e4nster samt satt s\u00e4kerst\u00e4lla en trygg och s\u00e4ker hantering av [&hellip;]\" \/>\n<meta property=\"og:url\" content=\"https:\/\/www.ninetech.com\/no\/nyheter\/region-varmland-kollektivtrafik-utvecklar-e-tjansteportal-med-hjalp-av-ninetech\/\" \/>\n<meta property=\"og:site_name\" content=\"Ninetech - no\" \/>\n<meta property=\"article:published_time\" content=\"2020-10-26T09:57:14+00:00\" \/>\n<meta property=\"article:modified_time\" content=\"2023-11-30T15:48:36+00:00\" \/>\n<meta property=\"og:image\" content=\"https:\/\/www.ninetech.com\/no\/wp-content\/uploads\/sites\/3\/2020\/10\/etjansteportal-varmlandstrafik-ninetech.jpg\" \/>\n\t<meta property=\"og:image:width\" content=\"2344\" \/>\n\t<meta property=\"og:image:height\" content=\"886\" \/>\n\t<meta property=\"og:image:type\" content=\"image\/jpeg\" \/>\n<meta name=\"author\" content=\"Marie Brunzell\" \/>\n<meta name=\"twitter:card\" content=\"summary_large_image\" \/>\n<meta name=\"twitter:label1\" content=\"Skrevet av\" \/>\n\t<meta name=\"twitter:data1\" content=\"Marie Brunzell\" \/>\n\t<meta name=\"twitter:label2\" content=\"Ansl. lesetid\" \/>\n\t<meta name=\"twitter:data2\" content=\"2 minutter\" \/>\n<script type=\"application\/ld+json\" class=\"yoast-schema-graph\">{\"@context\":\"https:\\\/\\\/schema.org\",\"@graph\":[{\"@type\":\"Article\",\"@id\":\"https:\\\/\\\/www.ninetech.com\\\/no\\\/nyheter\\\/region-varmland-kollektivtrafik-utvecklar-e-tjansteportal-med-hjalp-av-ninetech\\\/#article\",\"isPartOf\":{\"@id\":\"https:\\\/\\\/www.ninetech.com\\\/no\\\/nyheter\\\/region-varmland-kollektivtrafik-utvecklar-e-tjansteportal-med-hjalp-av-ninetech\\\/\"},\"author\":{\"name\":\"Marie Brunzell\",\"@id\":\"https:\\\/\\\/www.ninetech.com\\\/no\\\/#\\\/schema\\\/person\\\/402345230fd4edd17da4b15bbb667310\"},\"headline\":\"Region V\u00e4rmland Kollektivtrafik utvecklar e-tj\u00e4nsteportal med hj\u00e4lp av Ninetech\",\"datePublished\":\"2020-10-26T09:57:14+00:00\",\"dateModified\":\"2023-11-30T15:48:36+00:00\",\"mainEntityOfPage\":{\"@id\":\"https:\\\/\\\/www.ninetech.com\\\/no\\\/nyheter\\\/region-varmland-kollektivtrafik-utvecklar-e-tjansteportal-med-hjalp-av-ninetech\\\/\"},\"wordCount\":394,\"image\":{\"@id\":\"https:\\\/\\\/www.ninetech.com\\\/no\\\/nyheter\\\/region-varmland-kollektivtrafik-utvecklar-e-tjansteportal-med-hjalp-av-ninetech\\\/#primaryimage\"},\"thumbnailUrl\":\"https:\\\/\\\/www.ninetech.com\\\/no\\\/wp-content\\\/uploads\\\/sites\\\/3\\\/2020\\\/10\\\/etjansteportal-varmlandstrafik-ninetech.jpg\",\"articleSection\":[\"Nyheter\"],\"inLanguage\":\"nb-NO\"},{\"@type\":\"WebPage\",\"@id\":\"https:\\\/\\\/www.ninetech.com\\\/no\\\/nyheter\\\/region-varmland-kollektivtrafik-utvecklar-e-tjansteportal-med-hjalp-av-ninetech\\\/\",\"url\":\"https:\\\/\\\/www.ninetech.com\\\/no\\\/nyheter\\\/region-varmland-kollektivtrafik-utvecklar-e-tjansteportal-med-hjalp-av-ninetech\\\/\",\"name\":\"Region V\u00e4rmland Kollektivtrafik utvecklar e-tj\u00e4nsteportal\",\"isPartOf\":{\"@id\":\"https:\\\/\\\/www.ninetech.com\\\/no\\\/#website\"},\"primaryImageOfPage\":{\"@id\":\"https:\\\/\\\/www.ninetech.com\\\/no\\\/nyheter\\\/region-varmland-kollektivtrafik-utvecklar-e-tjansteportal-med-hjalp-av-ninetech\\\/#primaryimage\"},\"image\":{\"@id\":\"https:\\\/\\\/www.ninetech.com\\\/no\\\/nyheter\\\/region-varmland-kollektivtrafik-utvecklar-e-tjansteportal-med-hjalp-av-ninetech\\\/#primaryimage\"},\"thumbnailUrl\":\"https:\\\/\\\/www.ninetech.com\\\/no\\\/wp-content\\\/uploads\\\/sites\\\/3\\\/2020\\\/10\\\/etjansteportal-varmlandstrafik-ninetech.jpg\",\"datePublished\":\"2020-10-26T09:57:14+00:00\",\"dateModified\":\"2023-11-30T15:48:36+00:00\",\"author\":{\"@id\":\"https:\\\/\\\/www.ninetech.com\\\/no\\\/#\\\/schema\\\/person\\\/402345230fd4edd17da4b15bbb667310\"},\"breadcrumb\":{\"@id\":\"https:\\\/\\\/www.ninetech.com\\\/no\\\/nyheter\\\/region-varmland-kollektivtrafik-utvecklar-e-tjansteportal-med-hjalp-av-ninetech\\\/#breadcrumb\"},\"inLanguage\":\"nb-NO\",\"potentialAction\":[{\"@type\":\"ReadAction\",\"target\":[\"https:\\\/\\\/www.ninetech.com\\\/no\\\/nyheter\\\/region-varmland-kollektivtrafik-utvecklar-e-tjansteportal-med-hjalp-av-ninetech\\\/\"]}]},{\"@type\":\"ImageObject\",\"inLanguage\":\"nb-NO\",\"@id\":\"https:\\\/\\\/www.ninetech.com\\\/no\\\/nyheter\\\/region-varmland-kollektivtrafik-utvecklar-e-tjansteportal-med-hjalp-av-ninetech\\\/#primaryimage\",\"url\":\"https:\\\/\\\/www.ninetech.com\\\/no\\\/wp-content\\\/uploads\\\/sites\\\/3\\\/2020\\\/10\\\/etjansteportal-varmlandstrafik-ninetech.jpg\",\"contentUrl\":\"https:\\\/\\\/www.ninetech.com\\\/no\\\/wp-content\\\/uploads\\\/sites\\\/3\\\/2020\\\/10\\\/etjansteportal-varmlandstrafik-ninetech.jpg\",\"width\":2344,\"height\":886},{\"@type\":\"BreadcrumbList\",\"@id\":\"https:\\\/\\\/www.ninetech.com\\\/no\\\/nyheter\\\/region-varmland-kollektivtrafik-utvecklar-e-tjansteportal-med-hjalp-av-ninetech\\\/#breadcrumb\",\"itemListElement\":[{\"@type\":\"ListItem\",\"position\":1,\"name\":\"Hjem\",\"item\":\"https:\\\/\\\/www.ninetech.com\\\/no\\\/\"},{\"@type\":\"ListItem\",\"position\":2,\"name\":\"Region V\u00e4rmland Kollektivtrafik utvecklar e-tj\u00e4nsteportal med hj\u00e4lp av Ninetech\"}]},{\"@type\":\"WebSite\",\"@id\":\"https:\\\/\\\/www.ninetech.com\\\/no\\\/#website\",\"url\":\"https:\\\/\\\/www.ninetech.com\\\/no\\\/\",\"name\":\"Ninetech - no\",\"description\":\"Experter p\u00e5 digital utveckling\",\"potentialAction\":[{\"@type\":\"SearchAction\",\"target\":{\"@type\":\"EntryPoint\",\"urlTemplate\":\"https:\\\/\\\/www.ninetech.com\\\/no\\\/?s={search_term_string}\"},\"query-input\":{\"@type\":\"PropertyValueSpecification\",\"valueRequired\":true,\"valueName\":\"search_term_string\"}}],\"inLanguage\":\"nb-NO\"},{\"@type\":\"Person\",\"@id\":\"https:\\\/\\\/www.ninetech.com\\\/no\\\/#\\\/schema\\\/person\\\/402345230fd4edd17da4b15bbb667310\",\"name\":\"Marie Brunzell\",\"image\":{\"@type\":\"ImageObject\",\"inLanguage\":\"nb-NO\",\"@id\":\"https:\\\/\\\/secure.gravatar.com\\\/avatar\\\/c0d593406d7f0ed7386ab75f4349a630733264e460032d24dd7edcdfbdb956e3?s=96&d=mm&r=g\",\"url\":\"https:\\\/\\\/secure.gravatar.com\\\/avatar\\\/c0d593406d7f0ed7386ab75f4349a630733264e460032d24dd7edcdfbdb956e3?s=96&d=mm&r=g\",\"contentUrl\":\"https:\\\/\\\/secure.gravatar.com\\\/avatar\\\/c0d593406d7f0ed7386ab75f4349a630733264e460032d24dd7edcdfbdb956e3?s=96&d=mm&r=g\",\"caption\":\"Marie Brunzell\"},\"url\":\"https:\\\/\\\/www.ninetech.com\\\/no\\\/author\\\/marie-brunzellninetech-com\\\/\"}]}<\/script>\n<!-- \/ Yoast SEO plugin. -->","yoast_head_json":{"title":"Region V\u00e4rmland Kollektivtrafik utvecklar e-tj\u00e4nsteportal","robots":{"index":"index","follow":"follow","max-snippet":"max-snippet:-1","max-image-preview":"max-image-preview:large","max-video-preview":"max-video-preview:-1"},"canonical":"https:\/\/www.ninetech.com\/no\/nyheter\/region-varmland-kollektivtrafik-utvecklar-e-tjansteportal-med-hjalp-av-ninetech\/","og_locale":"nb_NO","og_type":"article","og_title":"Region V\u00e4rmland Kollektivtrafik utvecklar e-tj\u00e4nsteportal","og_description":"Region V\u00e4rmland Kollektivtrafik utvecklar e-tj\u00e4nsteportal med hj\u00e4lp av Ninetech Ninetech har f\u00e5tt uppdraget att tillsammans med Kollektivtrafiken i Region V\u00e4rmland utveckla en e-tj\u00e4nsteportal f\u00f6r alla v\u00e4rml\u00e4nningar som nyttjar kollektivtrafiken. Huvudm\u00e5len med portalen \u00e4r att kunna ge samlad information om kollektivtrafikens resetj\u00e4nster, ge tillg\u00e5ng till personifierade tj\u00e4nster samt satt s\u00e4kerst\u00e4lla en trygg och s\u00e4ker hantering av [&hellip;]","og_url":"https:\/\/www.ninetech.com\/no\/nyheter\/region-varmland-kollektivtrafik-utvecklar-e-tjansteportal-med-hjalp-av-ninetech\/","og_site_name":"Ninetech - no","article_published_time":"2020-10-26T09:57:14+00:00","article_modified_time":"2023-11-30T15:48:36+00:00","og_image":[{"width":2344,"height":886,"url":"https:\/\/www.ninetech.com\/no\/wp-content\/uploads\/sites\/3\/2020\/10\/etjansteportal-varmlandstrafik-ninetech.jpg","type":"image\/jpeg"}],"author":"Marie Brunzell","twitter_card":"summary_large_image","twitter_misc":{"Skrevet av":"Marie Brunzell","Ansl. lesetid":"2 minutter"},"schema":{"@context":"https:\/\/schema.org","@graph":[{"@type":"Article","@id":"https:\/\/www.ninetech.com\/no\/nyheter\/region-varmland-kollektivtrafik-utvecklar-e-tjansteportal-med-hjalp-av-ninetech\/#article","isPartOf":{"@id":"https:\/\/www.ninetech.com\/no\/nyheter\/region-varmland-kollektivtrafik-utvecklar-e-tjansteportal-med-hjalp-av-ninetech\/"},"author":{"name":"Marie Brunzell","@id":"https:\/\/www.ninetech.com\/no\/#\/schema\/person\/402345230fd4edd17da4b15bbb667310"},"headline":"Region V\u00e4rmland Kollektivtrafik utvecklar e-tj\u00e4nsteportal med hj\u00e4lp av Ninetech","datePublished":"2020-10-26T09:57:14+00:00","dateModified":"2023-11-30T15:48:36+00:00","mainEntityOfPage":{"@id":"https:\/\/www.ninetech.com\/no\/nyheter\/region-varmland-kollektivtrafik-utvecklar-e-tjansteportal-med-hjalp-av-ninetech\/"},"wordCount":394,"image":{"@id":"https:\/\/www.ninetech.com\/no\/nyheter\/region-varmland-kollektivtrafik-utvecklar-e-tjansteportal-med-hjalp-av-ninetech\/#primaryimage"},"thumbnailUrl":"https:\/\/www.ninetech.com\/no\/wp-content\/uploads\/sites\/3\/2020\/10\/etjansteportal-varmlandstrafik-ninetech.jpg","articleSection":["Nyheter"],"inLanguage":"nb-NO"},{"@type":"WebPage","@id":"https:\/\/www.ninetech.com\/no\/nyheter\/region-varmland-kollektivtrafik-utvecklar-e-tjansteportal-med-hjalp-av-ninetech\/","url":"https:\/\/www.ninetech.com\/no\/nyheter\/region-varmland-kollektivtrafik-utvecklar-e-tjansteportal-med-hjalp-av-ninetech\/","name":"Region V\u00e4rmland Kollektivtrafik utvecklar e-tj\u00e4nsteportal","isPartOf":{"@id":"https:\/\/www.ninetech.com\/no\/#website"},"primaryImageOfPage":{"@id":"https:\/\/www.ninetech.com\/no\/nyheter\/region-varmland-kollektivtrafik-utvecklar-e-tjansteportal-med-hjalp-av-ninetech\/#primaryimage"},"image":{"@id":"https:\/\/www.ninetech.com\/no\/nyheter\/region-varmland-kollektivtrafik-utvecklar-e-tjansteportal-med-hjalp-av-ninetech\/#primaryimage"},"thumbnailUrl":"https:\/\/www.ninetech.com\/no\/wp-content\/uploads\/sites\/3\/2020\/10\/etjansteportal-varmlandstrafik-ninetech.jpg","datePublished":"2020-10-26T09:57:14+00:00","dateModified":"2023-11-30T15:48:36+00:00","author":{"@id":"https:\/\/www.ninetech.com\/no\/#\/schema\/person\/402345230fd4edd17da4b15bbb667310"},"breadcrumb":{"@id":"https:\/\/www.ninetech.com\/no\/nyheter\/region-varmland-kollektivtrafik-utvecklar-e-tjansteportal-med-hjalp-av-ninetech\/#breadcrumb"},"inLanguage":"nb-NO","potentialAction":[{"@type":"ReadAction","target":["https:\/\/www.ninetech.com\/no\/nyheter\/region-varmland-kollektivtrafik-utvecklar-e-tjansteportal-med-hjalp-av-ninetech\/"]}]},{"@type":"ImageObject","inLanguage":"nb-NO","@id":"https:\/\/www.ninetech.com\/no\/nyheter\/region-varmland-kollektivtrafik-utvecklar-e-tjansteportal-med-hjalp-av-ninetech\/#primaryimage","url":"https:\/\/www.ninetech.com\/no\/wp-content\/uploads\/sites\/3\/2020\/10\/etjansteportal-varmlandstrafik-ninetech.jpg","contentUrl":"https:\/\/www.ninetech.com\/no\/wp-content\/uploads\/sites\/3\/2020\/10\/etjansteportal-varmlandstrafik-ninetech.jpg","width":2344,"height":886},{"@type":"BreadcrumbList","@id":"https:\/\/www.ninetech.com\/no\/nyheter\/region-varmland-kollektivtrafik-utvecklar-e-tjansteportal-med-hjalp-av-ninetech\/#breadcrumb","itemListElement":[{"@type":"ListItem","position":1,"name":"Hjem","item":"https:\/\/www.ninetech.com\/no\/"},{"@type":"ListItem","position":2,"name":"Region V\u00e4rmland Kollektivtrafik utvecklar e-tj\u00e4nsteportal med hj\u00e4lp av Ninetech"}]},{"@type":"WebSite","@id":"https:\/\/www.ninetech.com\/no\/#website","url":"https:\/\/www.ninetech.com\/no\/","name":"Ninetech - no","description":"Experter p\u00e5 digital utveckling","potentialAction":[{"@type":"SearchAction","target":{"@type":"EntryPoint","urlTemplate":"https:\/\/www.ninetech.com\/no\/?s={search_term_string}"},"query-input":{"@type":"PropertyValueSpecification","valueRequired":true,"valueName":"search_term_string"}}],"inLanguage":"nb-NO"},{"@type":"Person","@id":"https:\/\/www.ninetech.com\/no\/#\/schema\/person\/402345230fd4edd17da4b15bbb667310","name":"Marie Brunzell","image":{"@type":"ImageObject","inLanguage":"nb-NO","@id":"https:\/\/secure.gravatar.com\/avatar\/c0d593406d7f0ed7386ab75f4349a630733264e460032d24dd7edcdfbdb956e3?s=96&d=mm&r=g","url":"https:\/\/secure.gravatar.com\/avatar\/c0d593406d7f0ed7386ab75f4349a630733264e460032d24dd7edcdfbdb956e3?s=96&d=mm&r=g","contentUrl":"https:\/\/secure.gravatar.com\/avatar\/c0d593406d7f0ed7386ab75f4349a630733264e460032d24dd7edcdfbdb956e3?s=96&d=mm&r=g","caption":"Marie Brunzell"},"url":"https:\/\/www.ninetech.com\/no\/author\/marie-brunzellninetech-com\/"}]}},"_links":{"self":[{"href":"https:\/\/www.ninetech.com\/no\/wp-json\/wp\/v2\/posts\/4592","targetHints":{"allow":["GET"]}}],"collection":[{"href":"https:\/\/www.ninetech.com\/no\/wp-json\/wp\/v2\/posts"}],"about":[{"href":"https:\/\/www.ninetech.com\/no\/wp-json\/wp\/v2\/types\/post"}],"author":[{"embeddable":true,"href":"https:\/\/www.ninetech.com\/no\/wp-json\/wp\/v2\/users\/13"}],"replies":[{"embeddable":true,"href":"https:\/\/www.ninetech.com\/no\/wp-json\/wp\/v2\/comments?post=4592"}],"version-history":[{"count":13,"href":"https:\/\/www.ninetech.com\/no\/wp-json\/wp\/v2\/posts\/4592\/revisions"}],"predecessor-version":[{"id":11478,"href":"https:\/\/www.ninetech.com\/no\/wp-json\/wp\/v2\/posts\/4592\/revisions\/11478"}],"wp:featuredmedia":[{"embeddable":true,"href":"https:\/\/www.ninetech.com\/no\/wp-json\/wp\/v2\/media\/4595"}],"wp:attachment":[{"href":"https:\/\/www.ninetech.com\/no\/wp-json\/wp\/v2\/media?parent=4592"}],"wp:term":[{"taxonomy":"category","embeddable":true,"href":"https:\/\/www.ninetech.com\/no\/wp-json\/wp\/v2\/categories?post=4592"},{"taxonomy":"post_tag","embeddable":true,"href":"https:\/\/www.ninetech.com\/no\/wp-json\/wp\/v2\/tags?post=4592"}],"curies":[{"name":"wp","href":"https:\/\/api.w.org\/{rel}","templated":true}]}}